{"id":959,"date":"2022-08-11T09:32:39","date_gmt":"2022-08-11T08:32:39","guid":{"rendered":"http:\/\/www.sorege.fr\/?p=959"},"modified":"2022-08-11T09:33:25","modified_gmt":"2022-08-11T08:33:25","slug":"entrer-au-college-entrer-au-lycee-nouveau-cap","status":"publish","type":"post","link":"https:\/\/www.sorege.fr\/?p=959","title":{"rendered":"Entrer au coll\u00e8ge, entrer au lyc\u00e9e&#8230; Nouveau cap"},"content":{"rendered":"\n<p>Voici le mois d&rsquo;ao\u00fbt d\u00e9j\u00e0 engag\u00e9 et trottent dans la t\u00eate de nos adolescents des questionnements concernant leur rentr\u00e9e.<br>Le choix de l&rsquo;agenda, du code vestimentaire&#8230; , et surtout, la classe dans laquelle je vais \u00ab\u00a0tomber\u00a0\u00bb, les amis que je vais retrouver ou pas, l&rsquo;immensit\u00e9 du lieu et la peur de me perdre, les attentes des professeurs, des parents, la capacit\u00e9 de m&rsquo;adapter \u00e0 l&#8217;emploi du temps, aux exigences dans chaque mati\u00e8re&#8230;.<\/p>\n\n\n\n<p>Afin d&rsquo;aider notre enfant \u00e0 appr\u00e9hender sereinement la rentr\u00e9e, pensons \u00e0 lui proposer un accompagnement, un moment pour lui, pour qu&rsquo;il d\u00e9pose toutes ses craintes non exprim\u00e9es et qu&rsquo;il reparte avec des outils de r\u00e9assurance et de motivation.<\/p>\n\n\n\n<p>N&rsquo;h\u00e9sitez pas \u00e0 me contacter pour plus d&rsquo;informations<\/p>\n\n\n\n<p>Nathalie Devey, 07 77 05 12 40<\/p>\n\n\n\n<div class=\"wp-block-cover has-white-background-color has-background-dim\" style=\"min-height:242px;aspect-ratio:unset;\"><div class=\"wp-block-cover__inner-container is-layout-flow wp-block-cover-is-layout-flow\">\n<p class=\"has-text-align-center has-large-font-size\"><\/p>\n<\/div><\/div>\n","protected":false},"excerpt":{"rendered":"<p>Voici le mois d&rsquo;ao\u00fbt d\u00e9j\u00e0 engag\u00e9 et trottent dans la t\u00eate de nos adolescents des questionnements concernant leur rentr\u00e9e.Le choix de l&rsquo;agenda, du code vestimentaire&#8230; , et surtout, la classe dans laquelle je vais \u00ab\u00a0tomber\u00a0\u00bb, les amis que je vais &hellip; <a href=\"https:\/\/www.sorege.fr\/?p=959\">Continuer la lecture <span class=\"meta-nav\">&rarr;<\/span><\/a><\/p>\n","protected":false},"author":2,"featured_media":0,"comment_status":"closed","ping_status":"closed","sticky":false,"template":"","format":"standard","meta":{"footnotes":""},"categories":[1],"tags":[],"class_list":["post-959","post","type-post","status-publish","format-standard","hentry","category-non-classe"],"aioseo_notices":[],"_links":{"self":[{"href":"https:\/\/www.sorege.fr\/index.php?rest_route=\/wp\/v2\/posts\/959","targetHints":{"allow":["GET"]}}],"collection":[{"href":"https:\/\/www.sorege.fr\/index.php?rest_route=\/wp\/v2\/posts"}],"about":[{"href":"https:\/\/www.sorege.fr\/index.php?rest_route=\/wp\/v2\/types\/post"}],"author":[{"embeddable":true,"href":"https:\/\/www.sorege.fr\/index.php?rest_route=\/wp\/v2\/users\/2"}],"replies":[{"embeddable":true,"href":"https:\/\/www.sorege.fr\/index.php?rest_route=%2Fwp%2Fv2%2Fcomments&post=959"}],"version-history":[{"count":5,"href":"https:\/\/www.sorege.fr\/index.php?rest_route=\/wp\/v2\/posts\/959\/revisions"}],"predecessor-version":[{"id":965,"href":"https:\/\/www.sorege.fr\/index.php?rest_route=\/wp\/v2\/posts\/959\/revisions\/965"}],"wp:attachment":[{"href":"https:\/\/www.sorege.fr\/index.php?rest_route=%2Fwp%2Fv2%2Fmedia&parent=959"}],"wp:term":[{"taxonomy":"category","embeddable":true,"href":"https:\/\/www.sorege.fr\/index.php?rest_route=%2Fwp%2Fv2%2Fcategories&post=959"},{"taxonomy":"post_tag","embeddable":true,"href":"https:\/\/www.sorege.fr\/index.php?rest_route=%2Fwp%2Fv2%2Ftags&post=959"}],"curies":[{"name":"wp","href":"https:\/\/api.w.org\/{rel}","templated":true}]}}