{"id":656,"date":"2017-11-12T17:02:34","date_gmt":"2017-11-12T16:02:34","guid":{"rendered":"http:\/\/www.sorege.fr\/?p=656"},"modified":"2018-03-03T15:14:56","modified_gmt":"2018-03-03T14:14:56","slug":"maman-aime-toi-pour-maimer-janvier-a-juin-2018","status":"publish","type":"post","link":"https:\/\/www.sorege.fr\/?p=656","title":{"rendered":"\u00ab\u00a0Maman, aime-toi pour m&rsquo;aimer\u00a0\u00bb &#8211; Janvier \u00e0 Juin 2018"},"content":{"rendered":"<p><span style=\"color: #ff00ff;\">La Maison des Familles \u00ab\u00a0La Bulle\u00a0\u00bb nous ouvre ses portes de Janvier \u00e0 Juin 2018 pour aborder le beau th\u00e8me de <strong>l&rsquo;estime de soi&#8230;<\/strong><\/span><\/p>\n<p><span style=\"color: #3366ff;\">L&rsquo;objectif de ces moments d&rsquo;une dur\u00e9e de deux heures sont de <strong>permettre \u00e0 un groupe de mamans de retrouver une belle image d&rsquo;elles-m\u00eames et d&rsquo;acqu\u00e9rir des connaissances sur la parentalit\u00e9 et le d\u00e9veloppement de l&rsquo;enfant<\/strong>.<\/span><\/p>\n<p><span style=\"color: #339966;\">Les rencontres entre mamans sont fabuleuses : <strong>\u00e9changes, \u00e9coute, conseils, pratiques de la sophrologie, de la communication non violente&#8230;<\/strong>, ce, dans le respect le plus total de ce que nous sommes, ici et maintenant&#8230;<\/span><\/p>\n<p><span style=\"color: #ff6600;\">L&rsquo;atelier est anim\u00e9 par <strong>Caroline M\u00fcller et Nathalie Devey, sophrologues<\/strong><\/span><\/p>\n<p><span style=\"color: #ff00ff;\"><strong>Sur inscription&#8230;<br \/>\n<\/strong><\/span><span style=\"text-decoration: underline;\"><span style=\"color: #ff00ff;\"><strong>Renseignements :<\/strong><\/span><\/span><br \/>\n<span style=\"color: #ff00ff;\"><strong> La Maison des Familles \u00ab la Bulle \u00bb. T\u00e9l : 03 44 79 39 69 &#8211; 7 avenue Jean-Moulin \u00e0 Beauvais<\/strong><\/span><\/p>\n<p><span style=\"font-family: Cambria,serif;\"><span style=\"font-size: medium;\"><span style=\"color: #0ebeeb;\">A bient\u00f4t<br \/>\nNathalie Devey<\/span><br \/>\n<\/span><\/span><\/p>\n","protected":false},"excerpt":{"rendered":"<p>La Maison des Familles \u00ab\u00a0La Bulle\u00a0\u00bb nous ouvre ses portes de Janvier \u00e0 Juin 2018 pour aborder le beau th\u00e8me de l&rsquo;estime de soi&#8230; L&rsquo;objectif de ces moments d&rsquo;une dur\u00e9e de deux heures sont de permettre \u00e0 un groupe de &hellip; <a href=\"https:\/\/www.sorege.fr\/?p=656\">Continuer la lecture <span class=\"meta-nav\">&rarr;<\/span><\/a><\/p>\n","protected":false},"author":2,"featured_media":157,"comment_status":"closed","ping_status":"closed","sticky":false,"template":"","format":"standard","meta":{"footnotes":""},"categories":[1],"tags":[],"class_list":["post-656","post","type-post","status-publish","format-standard","has-post-thumbnail","hentry","category-non-classe"],"aioseo_notices":[],"_links":{"self":[{"href":"https:\/\/www.sorege.fr\/index.php?rest_route=\/wp\/v2\/posts\/656","targetHints":{"allow":["GET"]}}],"collection":[{"href":"https:\/\/www.sorege.fr\/index.php?rest_route=\/wp\/v2\/posts"}],"about":[{"href":"https:\/\/www.sorege.fr\/index.php?rest_route=\/wp\/v2\/types\/post"}],"author":[{"embeddable":true,"href":"https:\/\/www.sorege.fr\/index.php?rest_route=\/wp\/v2\/users\/2"}],"replies":[{"embeddable":true,"href":"https:\/\/www.sorege.fr\/index.php?rest_route=%2Fwp%2Fv2%2Fcomments&post=656"}],"version-history":[{"count":2,"href":"https:\/\/www.sorege.fr\/index.php?rest_route=\/wp\/v2\/posts\/656\/revisions"}],"predecessor-version":[{"id":658,"href":"https:\/\/www.sorege.fr\/index.php?rest_route=\/wp\/v2\/posts\/656\/revisions\/658"}],"wp:featuredmedia":[{"embeddable":true,"href":"https:\/\/www.sorege.fr\/index.php?rest_route=\/wp\/v2\/media\/157"}],"wp:attachment":[{"href":"https:\/\/www.sorege.fr\/index.php?rest_route=%2Fwp%2Fv2%2Fmedia&parent=656"}],"wp:term":[{"taxonomy":"category","embeddable":true,"href":"https:\/\/www.sorege.fr\/index.php?rest_route=%2Fwp%2Fv2%2Fcategories&post=656"},{"taxonomy":"post_tag","embeddable":true,"href":"https:\/\/www.sorege.fr\/index.php?rest_route=%2Fwp%2Fv2%2Ftags&post=656"}],"curies":[{"name":"wp","href":"https:\/\/api.w.org\/{rel}","templated":true}]}}