{"id":605,"date":"2016-08-26T16:02:06","date_gmt":"2016-08-26T15:02:06","guid":{"rendered":"http:\/\/www.sorege.fr\/?p=605"},"modified":"2016-08-26T16:12:59","modified_gmt":"2016-08-26T15:12:59","slug":"seances-groupe-adultes-le-mercredi","status":"publish","type":"post","link":"https:\/\/www.sorege.fr\/?p=605","title":{"rendered":"S\u00e9ances Groupe Adultes &#8211; Le mercredi"},"content":{"rendered":"<p><strong><span style=\"color: #0000ff;\">Bonjour \u00e0 toutes et tous,<\/span><\/strong><\/p>\n<p><strong><span style=\"color: #0000ff;\">La sophrologie se pratique en s\u00e9ances individuelles et en groupes.<\/span><\/strong><\/p>\n<p><strong><span style=\"color: #0000ff;\">Le groupe permet d&rsquo;aborder des sujets g\u00e9n\u00e9raux tels : l&rsquo;approche et l&rsquo;\u00e9coute corporelle, la mise au calme mentale, \u00e9motionnelle, l&rsquo;accompagnement des \u00e9motions et du stress, la prise de distance avec les \u00e9v\u00e8nements anxiog\u00e8nes, le relachement des tensions&#8230;.<\/span><\/strong><\/p>\n<p><strong><span style=\"color: #0000ff;\">Quelques places restent disponibles cette ann\u00e9e scolaire le mercredi de 18h \u00e0 18h45, \u00e0 raison de deux s\u00e9ances par mois. L&rsquo;ad\u00e9sion trimestrielle est de 90\u20ac pour les 6 s\u00e9ances.<\/span><\/strong><\/p>\n<p><strong><span style=\"color: #0000ff;\">N&rsquo;h\u00e9sitez pas \u00e0 me contacter (rapidement! peu de places disponibles du fait d&rsquo;un groupe de 6 personnes maximum) et RV d\u00e9but octobre&#8230;<\/span><\/strong><\/p>\n<p><strong><span style=\"color: #0000ff;\">Bien \u00e0 vous et belle reprise, m\u00eame si elle est d\u00e9j\u00e0 engag\u00e9e depuis quelques temps&#8230;<\/span><\/strong><\/p>\n<p><strong><span style=\"color: #0000ff;\">Nathalie DEVEY &#8211; 07 77 05 12 40<\/span><\/strong><\/p>\n","protected":false},"excerpt":{"rendered":"<p>Bonjour \u00e0 toutes et tous, La sophrologie se pratique en s\u00e9ances individuelles et en groupes. Le groupe permet d&rsquo;aborder des sujets g\u00e9n\u00e9raux tels : l&rsquo;approche et l&rsquo;\u00e9coute corporelle, la mise au calme mentale, \u00e9motionnelle, l&rsquo;accompagnement des \u00e9motions et du stress, &hellip; <a href=\"https:\/\/www.sorege.fr\/?p=605\">Continuer la lecture <span class=\"meta-nav\">&rarr;<\/span><\/a><\/p>\n","protected":false},"author":2,"featured_media":610,"comment_status":"closed","ping_status":"closed","sticky":false,"template":"","format":"standard","meta":{"footnotes":""},"categories":[1],"tags":[],"class_list":["post-605","post","type-post","status-publish","format-standard","has-post-thumbnail","hentry","category-non-classe"],"aioseo_notices":[],"_links":{"self":[{"href":"https:\/\/www.sorege.fr\/index.php?rest_route=\/wp\/v2\/posts\/605","targetHints":{"allow":["GET"]}}],"collection":[{"href":"https:\/\/www.sorege.fr\/index.php?rest_route=\/wp\/v2\/posts"}],"about":[{"href":"https:\/\/www.sorege.fr\/index.php?rest_route=\/wp\/v2\/types\/post"}],"author":[{"embeddable":true,"href":"https:\/\/www.sorege.fr\/index.php?rest_route=\/wp\/v2\/users\/2"}],"replies":[{"embeddable":true,"href":"https:\/\/www.sorege.fr\/index.php?rest_route=%2Fwp%2Fv2%2Fcomments&post=605"}],"version-history":[{"count":2,"href":"https:\/\/www.sorege.fr\/index.php?rest_route=\/wp\/v2\/posts\/605\/revisions"}],"predecessor-version":[{"id":609,"href":"https:\/\/www.sorege.fr\/index.php?rest_route=\/wp\/v2\/posts\/605\/revisions\/609"}],"wp:featuredmedia":[{"embeddable":true,"href":"https:\/\/www.sorege.fr\/index.php?rest_route=\/wp\/v2\/media\/610"}],"wp:attachment":[{"href":"https:\/\/www.sorege.fr\/index.php?rest_route=%2Fwp%2Fv2%2Fmedia&parent=605"}],"wp:term":[{"taxonomy":"category","embeddable":true,"href":"https:\/\/www.sorege.fr\/index.php?rest_route=%2Fwp%2Fv2%2Fcategories&post=605"},{"taxonomy":"post_tag","embeddable":true,"href":"https:\/\/www.sorege.fr\/index.php?rest_route=%2Fwp%2Fv2%2Ftags&post=605"}],"curies":[{"name":"wp","href":"https:\/\/api.w.org\/{rel}","templated":true}]}}