{"id":530,"date":"2015-04-13T12:24:46","date_gmt":"2015-04-13T11:24:46","guid":{"rendered":"http:\/\/www.sorege.fr\/?p=530"},"modified":"2015-05-31T14:18:43","modified_gmt":"2015-05-31T13:18:43","slug":"atelier-enfants-bien-dans-son-corps-dans-sa-tete-dans-ses-emotions-mai-2015","status":"publish","type":"post","link":"https:\/\/www.sorege.fr\/?p=530","title":{"rendered":"Atelier Enfants \u00ab\u00a0Bien dans son corps, dans sa t\u00eate, dans ses \u00e9motions\u00a0\u00bb &#8211; Juin 2015"},"content":{"rendered":"<p><span style=\"color: #008080;\"><strong>Un dernier atelier avant les vacances scolaires&#8230;<\/strong><\/span><br \/>\n<span style=\"color: #008080;\"><strong>Le temps d&rsquo;assimiler, de se reposer, de grandir&#8230;<\/strong><\/span><\/p>\n<p><span style=\"color: #ff00ff;\"><strong>\u00ab Bien dans son corps &amp; Bien dans sa t\u00eate &amp; Bien dans ses \u00e9motions \u00bb<\/strong><\/span><br \/>\n<span style=\"color: #ff00ff;\"><strong>Samedi 13 juin de 14h30 \u00e0 15h45 pour les 6 &#8211; 8 ans*<\/strong><\/span><br \/>\n<span style=\"color: #ff00ff;\"><strong>Samedi 27 juin de 14h30 \u00e0 15h45 pour les 9 &#8211; 11 ans*<\/strong><\/span><\/p>\n<p>* Possibilit\u00e9 pour les \u00ab\u00a0plus jeunes\u00a0\u00bb d&rsquo;\u00eatre int\u00e9gr\u00e9s avec \u00ab\u00a0les grands\u00a0\u00bb et pour \u00ab\u00a0les grands\u00a0\u00bb d&rsquo;\u00eatre avec \u00ab\u00a0les plus jeunes\u00a0\u00bb (si difficult\u00e9 de positionnement dans les dates propos\u00e9es)<br \/>\nCorps \u2013 T\u00eate \u2013 \u00c9motions\u2026 3 sujets que l&rsquo;on pourrait aborder s\u00e9par\u00e9ment et qui pourtant sont totalement interd\u00e9pendants\u2026.<\/p>\n<p><span style=\"color: #3366ff;\">Quand le corps va mal, la t\u00eate s&rsquo;interroge, les \u00e9motions deviennent inqui\u00e9tude, peur, interrogation\u2026<\/span><br \/>\n<span style=\"color: #3366ff;\">Quand la t\u00eate va mal, les \u00e9motions chavirent, le corps se noue (migraines, douleurs au ventre, au dos, constipation, mauvais sommeil arrivent, sans que l&rsquo;on ne comprenne le pourquoi\u2026)\u2026<\/span><br \/>\n<span style=\"color: #3366ff;\">Quand les \u00e9motions s&rsquo;agitent (col\u00e8re \u2013 tristesse \u2013 peur\u2026), la t\u00eate s&rsquo;interroge et le corps peut souffrir de bien des maux\u2026<\/span><\/p>\n<p><span style=\"color: #3366ff;\">Alors, dans quel ordre prendre les choses ?<\/span><\/p>\n<p><span style=\"color: #3366ff;\">Les ateliers \u00ab Bien dans son corps \u2013 Bien dans sa t\u00eate \u2013 Bien dans ses \u00e9motions \u00bb abordent cette relation Corps\/t\u00eate\/\u00e9motion, ce, dans l&rsquo;objectif de donner des outils d&rsquo;accompagnement permettant de :<\/span><br \/>\n<span style=\"color: #3366ff;\">&#8211; comprendre et g\u00e9rer ses \u00e9motions,<\/span><br \/>\n<span style=\"color: #ff00ff;\">&#8211; appr\u00e9hender les changements physiques, psychologiques et les accepter,<\/span><br \/>\n<span style=\"color: #ff99cc;\">-soigner sa relation \u00e0 soi pour soigner la relation \u00e0 l&rsquo;autre,<\/span><br \/>\n<span style=\"color: #339966;\">&#8211; affirmer sa position dans son environnement,<\/span><br \/>\n<span style=\"color: #993366;\">&#8211; d\u00e9velopper sa socialisation,<\/span><br \/>\n<span style=\"color: #00ff00;\">&#8211; d\u00e9couvrir et accepter ses sentiments,<\/span><br \/>\n<span style=\"color: #ff0000;\">&#8211; structurer sa pens\u00e9e,<\/span><br \/>\n<span style=\"color: #ffff00;\">&#8211; s&rsquo;ouvrir \u00e0 son imaginaire\u2026<\/span><br \/>\n<span style=\"color: #993366;\">&#8211; appr\u00e9hender la pubert\u00e9, l&rsquo;adolescence avec des outils facilement r\u00e9utilisables\u2026<\/span><\/p>\n<p>Les outils utilis\u00e9s au cours de ces ateliers :Jeux de sophro-ludique, postures de yoga, respirations, expulsions des tensions, d\u00e9couvertes corporelle, relaxations, visualisations, expressions verbale et corporelle\u2026<\/p>\n<p><span style=\"color: #00ccff;\">Tarif : 25\u20ac* la s\u00e9ance d\u20191h15 \u2013 R\u00e9servation par t\u00e9l\u00e9phone au 07.77.05.12.40<\/span><br \/>\n<span style=\"color: #00ccff;\">* 20\u20ac pour la premi\u00e8re s\u00e9ance \u00ab d\u00e9couverte \u00bb.<\/span><\/p>\n<p><span style=\"color: #00ccff;\">Maximum : 8 enfants \u2013 Tenue confortable souhait\u00e9e<\/span><\/p>\n<p>A tr\u00e8s bient\u00f4t<br \/>\nNathalie Devey, Sophrologue, Relaxologue.<\/p>\n","protected":false},"excerpt":{"rendered":"<p>Un dernier atelier avant les vacances scolaires&#8230; Le temps d&rsquo;assimiler, de se reposer, de grandir&#8230; \u00ab Bien dans son corps &amp; Bien dans sa t\u00eate &amp; Bien dans ses \u00e9motions \u00bb Samedi 13 juin de 14h30 \u00e0 15h45 pour les &hellip; <a href=\"https:\/\/www.sorege.fr\/?p=530\">Continuer la lecture <span class=\"meta-nav\">&rarr;<\/span><\/a><\/p>\n","protected":false},"author":2,"featured_media":512,"comment_status":"open","ping_status":"open","sticky":false,"template":"","format":"standard","meta":{"footnotes":""},"categories":[1],"tags":[11,31,24,10,6],"class_list":["post-530","post","type-post","status-publish","format-standard","has-post-thumbnail","hentry","category-non-classe","tag-devey","tag-emotions","tag-enfants","tag-nathalie","tag-sophrologie"],"aioseo_notices":[],"_links":{"self":[{"href":"https:\/\/www.sorege.fr\/index.php?rest_route=\/wp\/v2\/posts\/530","targetHints":{"allow":["GET"]}}],"collection":[{"href":"https:\/\/www.sorege.fr\/index.php?rest_route=\/wp\/v2\/posts"}],"about":[{"href":"https:\/\/www.sorege.fr\/index.php?rest_route=\/wp\/v2\/types\/post"}],"author":[{"embeddable":true,"href":"https:\/\/www.sorege.fr\/index.php?rest_route=\/wp\/v2\/users\/2"}],"replies":[{"embeddable":true,"href":"https:\/\/www.sorege.fr\/index.php?rest_route=%2Fwp%2Fv2%2Fcomments&post=530"}],"version-history":[{"count":3,"href":"https:\/\/www.sorege.fr\/index.php?rest_route=\/wp\/v2\/posts\/530\/revisions"}],"predecessor-version":[{"id":538,"href":"https:\/\/www.sorege.fr\/index.php?rest_route=\/wp\/v2\/posts\/530\/revisions\/538"}],"wp:featuredmedia":[{"embeddable":true,"href":"https:\/\/www.sorege.fr\/index.php?rest_route=\/wp\/v2\/media\/512"}],"wp:attachment":[{"href":"https:\/\/www.sorege.fr\/index.php?rest_route=%2Fwp%2Fv2%2Fmedia&parent=530"}],"wp:term":[{"taxonomy":"category","embeddable":true,"href":"https:\/\/www.sorege.fr\/index.php?rest_route=%2Fwp%2Fv2%2Fcategories&post=530"},{"taxonomy":"post_tag","embeddable":true,"href":"https:\/\/www.sorege.fr\/index.php?rest_route=%2Fwp%2Fv2%2Ftags&post=530"}],"curies":[{"name":"wp","href":"https:\/\/api.w.org\/{rel}","templated":true}]}}