{"id":509,"date":"2015-02-08T16:36:33","date_gmt":"2015-02-08T15:36:33","guid":{"rendered":"http:\/\/www.sorege.fr\/?p=509"},"modified":"2015-04-13T12:20:37","modified_gmt":"2015-04-13T11:20:37","slug":"atelier-enfants-bien-dans-son-corps-sa-tete-ses-emotions-samedi-21-mars","status":"publish","type":"post","link":"https:\/\/www.sorege.fr\/?p=509","title":{"rendered":"Atelier enfants \u00ab\u00a0Bien dans son corps, sa t\u00eate, ses \u00e9motions\u00a0\u00bb &#8211; samedi 4 &#038; 11 avril"},"content":{"rendered":"<p style=\"text-align: center;\"><span style=\"color: #ff00ff; font-size: 18px;\"><strong>\u00ab\u00a0Bien dans son corps &amp; Bien dans sa t\u00eate &amp; Bien dans ses \u00e9motions\u00a0\u00bb<\/strong><\/span><br \/>\n<span style=\"color: #ff00ff; font-size: 16px;\"><strong><span style=\"font-size: 18px;\">Samedi 4 avril de 14h30 \u00e0 15h45 pour les 9- 11 ans*<\/span><br \/>\n<span style=\"font-size: 18px;\">Samedi 11 avril de 14h30 \u00e0 15h45 pour les 6 &#8211; 8 ans*<\/span><br \/>\n<\/strong><\/span><\/p>\n<p><span style=\"font-size: 14px;\"><strong>* Possibilit\u00e9 pour les \u00ab\u00a0plus jeunes\u00a0\u00bb d&rsquo;\u00eatre int\u00e9gr\u00e9s avec \u00ab\u00a0les grands\u00a0\u00bb et pour \u00ab\u00a0les grands\u00a0\u00bb d&rsquo;\u00eatre avec \u00ab\u00a0les plus jeunes\u00a0\u00bb (si difficult\u00e9 de positionnement dans les dates propos\u00e9es)<\/strong><\/span><br \/>\n<span style=\"color: #0000ff; font-size: 14px;\">Corps \u2013 T\u00eate \u2013 \u00c9motions\u2026 3 sujets que l&rsquo;on pourrait aborder s\u00e9par\u00e9ment et qui pourtant sont totalement interd\u00e9pendants\u2026.<\/span><\/p>\n<p><span style=\"color: #0000ff; font-size: 14px;\">Quand le corps va mal, la t\u00eate s&rsquo;interroge, les \u00e9motions deviennent inqui\u00e9tude, peur, interrogation\u2026<\/span><br \/>\n<span style=\"color: #0000ff; font-size: 14px;\">Quand la t\u00eate va mal, les \u00e9motions chavirent, le corps se noue (migraines, douleurs au ventre, au dos, constipation, mauvais sommeil arrivent, sans que l&rsquo;on ne comprenne le pourquoi\u2026)\u2026<\/span><br \/>\n<span style=\"color: #0000ff; font-size: 14px;\">Quand les \u00e9motions s&rsquo;agitent (col\u00e8re \u2013 tristesse \u2013 peur\u2026), la t\u00eate s&rsquo;interroge et le corps peut souffrir de bien des maux\u2026<\/span><\/p>\n<p><span style=\"font-size: 14px;\"><strong><em><span style=\"color: #0000ff;\">Alors, dans quel ordre prendre les choses\u00a0?<\/span><\/em><\/strong><\/span><\/p>\n<p><span style=\"color: #0000ff; font-size: 14px;\">Les ateliers \u00ab\u00a0Bien dans son corps \u2013 Bien dans sa t\u00eate \u2013 Bien dans ses \u00e9motions\u00a0\u00bb abordent cette relation Corps\/t\u00eate\/\u00e9motion, ce, dans l&rsquo;objectif de donner des outils d&rsquo;accompagnement permettant de\u00a0:<\/span><br \/>\n<strong><span style=\"font-size: 14px;\">&#8211; <span style=\"color: #ff00ff;\">comprendre et g\u00e9rer ses \u00e9motions,<\/span><\/span><\/strong><br \/>\n<strong><span style=\"font-size: 14px;\">&#8211;<span style=\"color: #339966;\"> appr\u00e9hender les changements physiques, psychologiques et les accepter,<\/span><\/span><\/strong><br \/>\n<strong><span style=\"font-size: 14px;\">&#8211;<span style=\"color: #ff6600;\">soigner sa relation \u00e0 soi pour soigner la relation \u00e0 l&rsquo;autre,<\/span><\/span><\/strong><br \/>\n<strong><span style=\"font-size: 14px;\">&#8211; <span style=\"color: #bb3bc3;\">affirmer sa position dans son environnement,<\/span><\/span><\/strong><br \/>\n<strong><span style=\"font-size: 14px;\">&#8211; <span style=\"color: #73e31b;\">d\u00e9velopper sa socialisation,<\/span><\/span><\/strong><br \/>\n<strong><span style=\"font-size: 14px;\">&#8211; <span style=\"color: #878578;\">d\u00e9couvrir et accepter ses sentiments,<\/span><\/span><\/strong><br \/>\n<strong><span style=\"font-size: 14px;\">&#8211; <span style=\"color: #33cccc;\">structurer sa pens\u00e9e,<\/span><\/span><\/strong><br \/>\n<strong><span style=\"font-size: 14px;\">&#8211; <span style=\"color: #f608d9;\">s&rsquo;ouvrir \u00e0 son imaginaire\u2026<\/span><\/span><\/strong><br \/>\n<strong><span style=\"font-size: 14px;\">&#8211; appr\u00e9hender la pubert\u00e9, l&rsquo;adolescence avec des outils facilement r\u00e9utilisables\u2026<\/span><\/strong><\/p>\n<p><strong><span style=\"font-size: 14px; color: #0000ff;\">Les outils utilis\u00e9s au cours de ces ateliers :Jeux de sophro-ludique, postures de yoga, respirations, expulsions des tensions, d\u00e9couvertes corporelle, relaxations, visualisations, expressions verbale et corporelle\u2026 <\/span><\/strong><\/p>\n<p><span style=\"color: #33cccc;\"><strong>Tarif : 25\u20ac* la s\u00e9ance d\u20191h15 \u2013 R\u00e9servation par t\u00e9l\u00e9phone au 07.77.05.12.40<\/strong><\/span><br \/>\n<span style=\"color: #33cccc;\"><strong>* 20\u20ac pour la premi\u00e8re s\u00e9ance \u00ab d\u00e9couverte \u00bb.<\/strong><\/span><\/p>\n<p><span style=\"color: #33cccc;\"><strong>Maximum : 8 enfants \u2013 Tenue confortable souhait\u00e9e<\/strong><\/span><\/p>\n<p><span style=\"color: #ff00ff;\"><strong>A tr\u00e8s bient\u00f4t<\/strong><\/span><br \/>\n<span style=\"color: #ff00ff;\"><strong>Nathalie Devey, Sophrologue, Relaxologue.<\/strong><\/span><\/p>\n","protected":false},"excerpt":{"rendered":"<p>\u00ab\u00a0Bien dans son corps &amp; Bien dans sa t\u00eate &amp; Bien dans ses \u00e9motions\u00a0\u00bb Samedi 4 avril de 14h30 \u00e0 15h45 pour les 9- 11 ans* Samedi 11 avril de 14h30 \u00e0 15h45 pour les 6 &#8211; 8 ans* * &hellip; <a href=\"https:\/\/www.sorege.fr\/?p=509\">Continuer la lecture <span class=\"meta-nav\">&rarr;<\/span><\/a><\/p>\n","protected":false},"author":2,"featured_media":512,"comment_status":"closed","ping_status":"closed","sticky":false,"template":"","format":"standard","meta":{"footnotes":""},"categories":[1],"tags":[11,31,41,49,6,44],"class_list":["post-509","post","type-post","status-publish","format-standard","has-post-thumbnail","hentry","category-non-classe","tag-devey","tag-emotions","tag-respirations","tag-sophro-ludique","tag-sophrologie","tag-yoga"],"aioseo_notices":[],"_links":{"self":[{"href":"https:\/\/www.sorege.fr\/index.php?rest_route=\/wp\/v2\/posts\/509","targetHints":{"allow":["GET"]}}],"collection":[{"href":"https:\/\/www.sorege.fr\/index.php?rest_route=\/wp\/v2\/posts"}],"about":[{"href":"https:\/\/www.sorege.fr\/index.php?rest_route=\/wp\/v2\/types\/post"}],"author":[{"embeddable":true,"href":"https:\/\/www.sorege.fr\/index.php?rest_route=\/wp\/v2\/users\/2"}],"replies":[{"embeddable":true,"href":"https:\/\/www.sorege.fr\/index.php?rest_route=%2Fwp%2Fv2%2Fcomments&post=509"}],"version-history":[{"count":5,"href":"https:\/\/www.sorege.fr\/index.php?rest_route=\/wp\/v2\/posts\/509\/revisions"}],"predecessor-version":[{"id":521,"href":"https:\/\/www.sorege.fr\/index.php?rest_route=\/wp\/v2\/posts\/509\/revisions\/521"}],"wp:featuredmedia":[{"embeddable":true,"href":"https:\/\/www.sorege.fr\/index.php?rest_route=\/wp\/v2\/media\/512"}],"wp:attachment":[{"href":"https:\/\/www.sorege.fr\/index.php?rest_route=%2Fwp%2Fv2%2Fmedia&parent=509"}],"wp:term":[{"taxonomy":"category","embeddable":true,"href":"https:\/\/www.sorege.fr\/index.php?rest_route=%2Fwp%2Fv2%2Fcategories&post=509"},{"taxonomy":"post_tag","embeddable":true,"href":"https:\/\/www.sorege.fr\/index.php?rest_route=%2Fwp%2Fv2%2Ftags&post=509"}],"curies":[{"name":"wp","href":"https:\/\/api.w.org\/{rel}","templated":true}]}}