{"id":504,"date":"2015-01-18T16:42:25","date_gmt":"2015-01-18T15:42:25","guid":{"rendered":"http:\/\/www.sorege.fr\/?p=504"},"modified":"2015-01-18T16:44:22","modified_gmt":"2015-01-18T15:44:22","slug":"ateliers-enfants-concentration-attention-fevrier","status":"publish","type":"post","link":"https:\/\/www.sorege.fr\/?p=504","title":{"rendered":"Ateliers Enfants \u00ab\u00a0Concentration Attention\u00a0\u00bb &#8211; F\u00e9vrier"},"content":{"rendered":"<p style=\"text-align: center;\"><span style=\"color: #ff00ff;\"><strong>Un dernier atelier \u00ab\u00a0Attention &#8211; Concentration\u00a0\u00bb&#8230;<br \/>\nOn utilise tous les outils ?<br \/>\nOn se concentre, on est attentif en s&rsquo;amusant ? En respirant ? en ressentant ? En voyant ?&#8230;.<\/strong><\/span><\/p>\n<p style=\"text-align: center;\"><span style=\"color: #b200ff;\">Alors, deux dates pour deux tranches d&rsquo;\u00e2ge, sachant qu&rsquo;il peut toutefois y avoir positionnement des enfants sur l&rsquo;un ou l&rsquo;autre des ateliers&#8230;<\/span><\/p>\n<p style=\"text-align: center;\"><strong><span style=\"color: #b200ff;\">Samedi 7 f\u00e9vrier pour les 9 &#8211; 11 ans<\/span><\/strong><br \/>\n<strong><span style=\"color: #b200ff;\"> Samedi 14 f\u00e9vrier pour les 6 &#8211; 8 ans<\/span><\/strong><\/p>\n<p style=\"text-align: center;\"><strong><span style=\"color: #b200ff;\">De 14h30 \u00e0 15h45<\/span><\/strong><\/p>\n<p><span style=\"color: #0000ff;\">\u00ab Sois plus attentif en classe! \u00bb \u00ab Concentre toi! \u00bb \u2026 Oui, mais comment faire ?L\u2019attention, la concentration, l\u2019apprentissage sont des processus qui n\u00e9cessitent tout d\u2019abord une conscience de soi, de son corps et une confiance en soi : apprendre, c\u2019est accepter au d\u00e9part de ne pas savoir\u2026\u00a0 Alors, agitation, ennui, refus d\u2019apprendre, inattention, probl\u00e8me de concentration, \u00ab exercices nuls! \u00bb\u2026 sont des m\u00e9canismes de d\u00e9fense qui permettent de ne pas \u00eatre en danger\u2026Puis, comment se concentrer ? avec ses yeux ? ses oreilles ? son corps ? Quels sens utiliser ?La mobilisation c\u00e9r\u00e9brale intense, la sollicitation permanente fatiguent, mettent le corps en tension. Or, les tensions bloquent le processus d\u2019int\u00e9gration et de rendu des informations.Cet atelier est abord\u00e9 avec des activit\u00e9s ludiques, des exercices corporels, des jeux de concentration, de visualisation, de la relaxation\u2026<\/span><\/p>\n<p><span style=\"color: #3366ff;\">Tarif : 25\u20ac* la s\u00e9ance d\u20191h15 \u2013 R\u00e9servation par t\u00e9l\u00e9phone au 07.77.05.12.40<\/span><br \/>\n<span style=\"color: #3366ff;\"> * 20\u20ac pour la premi\u00e8re s\u00e9ance \u00ab d\u00e9couverte \u00bb.<\/span><\/p>\n<p><span style=\"color: #993366;\">Maximum : 8 enfants \u2013 Tenue confortable souhait\u00e9e<\/span><\/p>\n<p><span style=\"color: #ef0fdd;\">A tr\u00e8s bient\u00f4t<\/span><br \/>\n<span style=\"color: #ef0fdd;\"> Nathalie Devey, Sophrologue, Relaxologue.<\/span><\/p>\n<p>NB : La participation non annul\u00e9e 72 heures avant la date sera factur\u00e9e.<\/p>\n","protected":false},"excerpt":{"rendered":"<p>Un dernier atelier \u00ab\u00a0Attention &#8211; Concentration\u00a0\u00bb&#8230; On utilise tous les outils ? On se concentre, on est attentif en s&rsquo;amusant ? En respirant ? en ressentant ? En voyant ?&#8230;. Alors, deux dates pour deux tranches d&rsquo;\u00e2ge, sachant qu&rsquo;il peut &hellip; <a href=\"https:\/\/www.sorege.fr\/?p=504\">Continuer la lecture <span class=\"meta-nav\">&rarr;<\/span><\/a><\/p>\n","protected":false},"author":2,"featured_media":0,"comment_status":"closed","ping_status":"closed","sticky":false,"template":"","format":"standard","meta":{"footnotes":""},"categories":[1],"tags":[46,37,11,10],"class_list":["post-504","post","type-post","status-publish","format-standard","hentry","category-non-classe","tag-attention","tag-concentration","tag-devey","tag-nathalie"],"aioseo_notices":[],"_links":{"self":[{"href":"https:\/\/www.sorege.fr\/index.php?rest_route=\/wp\/v2\/posts\/504","targetHints":{"allow":["GET"]}}],"collection":[{"href":"https:\/\/www.sorege.fr\/index.php?rest_route=\/wp\/v2\/posts"}],"about":[{"href":"https:\/\/www.sorege.fr\/index.php?rest_route=\/wp\/v2\/types\/post"}],"author":[{"embeddable":true,"href":"https:\/\/www.sorege.fr\/index.php?rest_route=\/wp\/v2\/users\/2"}],"replies":[{"embeddable":true,"href":"https:\/\/www.sorege.fr\/index.php?rest_route=%2Fwp%2Fv2%2Fcomments&post=504"}],"version-history":[{"count":3,"href":"https:\/\/www.sorege.fr\/index.php?rest_route=\/wp\/v2\/posts\/504\/revisions"}],"predecessor-version":[{"id":507,"href":"https:\/\/www.sorege.fr\/index.php?rest_route=\/wp\/v2\/posts\/504\/revisions\/507"}],"wp:attachment":[{"href":"https:\/\/www.sorege.fr\/index.php?rest_route=%2Fwp%2Fv2%2Fmedia&parent=504"}],"wp:term":[{"taxonomy":"category","embeddable":true,"href":"https:\/\/www.sorege.fr\/index.php?rest_route=%2Fwp%2Fv2%2Fcategories&post=504"},{"taxonomy":"post_tag","embeddable":true,"href":"https:\/\/www.sorege.fr\/index.php?rest_route=%2Fwp%2Fv2%2Ftags&post=504"}],"curies":[{"name":"wp","href":"https:\/\/api.w.org\/{rel}","templated":true}]}}