{"id":467,"date":"2014-10-28T08:12:37","date_gmt":"2014-10-28T07:12:37","guid":{"rendered":"http:\/\/www.sorege.fr\/?p=467"},"modified":"2014-11-16T17:24:35","modified_gmt":"2014-11-16T16:24:35","slug":"atelier-attention-concentration-deux-dates-pour-deux-tranches-dage","status":"publish","type":"post","link":"https:\/\/www.sorege.fr\/?p=467","title":{"rendered":"Atelier \u00ab\u00a0Attention Concentration\u00a0\u00bb &#8211; Deux dates pour deux tranches d&rsquo;\u00e2ge"},"content":{"rendered":"<p style=\"text-align: center;\"><em><strong><span style=\"color: #993366;\">Un dernier atelier portant sur le th\u00e8me de l&rsquo;attention et la concentration (th\u00e8me qui sera repris courant 2015) <\/span><\/strong><\/em><\/p>\n<p style=\"text-align: center;\"><span style=\"color: #ff00ff; font-size: 14px;\"><strong>Samedi 6 d\u00e9cembre, l&rsquo;atelier s&rsquo;adresse aux enfants de 9 &#8211; 11 ans.<\/strong><\/span><\/p>\n<p style=\"text-align: center;\"><span style=\"color: #ff00ff; font-size: 14px;\"><strong>Samedi 13 d\u00e9cembre, l&rsquo;atelier s&rsquo;adresse aux enfants de 6 &#8211; 8 ans.<\/strong><\/span><\/p>\n<p style=\"text-align: center;\">(tranches d&rsquo;\u00e2ge indicatives &#8211; l&rsquo;enfant de 7 ans peut participer le 6.12\/ de 10 ans le 13.12)<\/p>\n<p style=\"text-align: center;\"><span style=\"color: #ff00ff; font-size: 16px;\"><strong>De 14h30 \u00e0 15h45.<\/strong><\/span><\/p>\n<p><span style=\"color: #3366ff;\"><em>\u00ab\u00a0Sois plus attentif en classe!\u00a0\u00bb \u00ab\u00a0Concentre toi!\u00a0\u00bb \u2026 Oui, mais comment faire ?<\/em><\/span><\/p>\n<p><span style=\"color: #3366ff;\"><em>L\u2019attention, la concentration, l\u2019apprentissage sont des processus qui n\u00e9cessitent tout d\u2019abord une conscience de soi, de son corps et une confiance en soi : apprendre, c\u2019est accepter au d\u00e9part de ne pas savoir\u2026\u00a0 Alors, agitation, ennui, refus d\u2019apprendre, inattention, probl\u00e8me de concentration, \u00ab\u00a0exercices nuls!\u00a0\u00bb\u2026 sont des m\u00e9canismes de d\u00e9fense qui permettent de ne pas \u00eatre en danger\u2026<\/em><\/span><\/p>\n<p><span style=\"color: #3366ff;\"><em>Puis, comment se concentrer ? avec ses yeux ? ses oreilles ? son corps ? Quels sens utiliser ?<\/em><\/span><\/p>\n<p><span style=\"color: #3366ff;\"><em>La mobilisation c\u00e9r\u00e9brale intense, la sollicitation permanente fatiguent, mettent le corps <\/em><em>en tension. Or, les tensions bloquent le processus d\u2019int\u00e9gration et de rendu des informations.<\/em><\/span><\/p>\n<p><span style=\"color: #f608cb;\">Cet atelier <\/span><strong><span style=\"color: #f608cb;\">est abord\u00e9 avec des activit\u00e9s ludiques, des exercices corporels, des jeux de concentration, de visualisation, de la relaxation\u2026<\/span><br \/>\n<\/strong><\/p>\n<p><span style=\"color: #1b02fc;\">Tarif : 25\u20ac* la s\u00e9ance d\u20191h15 \u2013 R\u00e9servation par t\u00e9l\u00e9phone au 07.77.05.12.40<\/span><br \/>\n<span style=\"color: #1b02fc;\"> * 20\u20ac pour la premi\u00e8re s\u00e9ance \u00ab\u00a0d\u00e9couverte\u00a0\u00bb.<\/span><\/p>\n<p>Maximum : 8 enfants \u2013 Tenue confortable souhait\u00e9e<\/p>\n<p>A tr\u00e8s bient\u00f4t<br \/>\nNathalie Devey, Sophrologue, Relaxologue.<\/p>\n<p>NB : La participation non annul\u00e9e 72 heures avant la date sera factur\u00e9e.<\/p>\n","protected":false},"excerpt":{"rendered":"<p>Un dernier atelier portant sur le th\u00e8me de l&rsquo;attention et la concentration (th\u00e8me qui sera repris courant 2015) Samedi 6 d\u00e9cembre, l&rsquo;atelier s&rsquo;adresse aux enfants de 9 &#8211; 11 ans. Samedi 13 d\u00e9cembre, l&rsquo;atelier s&rsquo;adresse aux enfants de 6 &#8211; &hellip; <a href=\"https:\/\/www.sorege.fr\/?p=467\">Continuer la lecture <span class=\"meta-nav\">&rarr;<\/span><\/a><\/p>\n","protected":false},"author":2,"featured_media":447,"comment_status":"open","ping_status":"open","sticky":false,"template":"","format":"standard","meta":{"footnotes":""},"categories":[1],"tags":[],"class_list":["post-467","post","type-post","status-publish","format-standard","has-post-thumbnail","hentry","category-non-classe"],"aioseo_notices":[],"_links":{"self":[{"href":"https:\/\/www.sorege.fr\/index.php?rest_route=\/wp\/v2\/posts\/467","targetHints":{"allow":["GET"]}}],"collection":[{"href":"https:\/\/www.sorege.fr\/index.php?rest_route=\/wp\/v2\/posts"}],"about":[{"href":"https:\/\/www.sorege.fr\/index.php?rest_route=\/wp\/v2\/types\/post"}],"author":[{"embeddable":true,"href":"https:\/\/www.sorege.fr\/index.php?rest_route=\/wp\/v2\/users\/2"}],"replies":[{"embeddable":true,"href":"https:\/\/www.sorege.fr\/index.php?rest_route=%2Fwp%2Fv2%2Fcomments&post=467"}],"version-history":[{"count":6,"href":"https:\/\/www.sorege.fr\/index.php?rest_route=\/wp\/v2\/posts\/467\/revisions"}],"predecessor-version":[{"id":480,"href":"https:\/\/www.sorege.fr\/index.php?rest_route=\/wp\/v2\/posts\/467\/revisions\/480"}],"wp:featuredmedia":[{"embeddable":true,"href":"https:\/\/www.sorege.fr\/index.php?rest_route=\/wp\/v2\/media\/447"}],"wp:attachment":[{"href":"https:\/\/www.sorege.fr\/index.php?rest_route=%2Fwp%2Fv2%2Fmedia&parent=467"}],"wp:term":[{"taxonomy":"category","embeddable":true,"href":"https:\/\/www.sorege.fr\/index.php?rest_route=%2Fwp%2Fv2%2Fcategories&post=467"},{"taxonomy":"post_tag","embeddable":true,"href":"https:\/\/www.sorege.fr\/index.php?rest_route=%2Fwp%2Fv2%2Ftags&post=467"}],"curies":[{"name":"wp","href":"https:\/\/api.w.org\/{rel}","templated":true}]}}