{"id":1057,"date":"2024-12-02T12:15:24","date_gmt":"2024-12-02T11:15:24","guid":{"rendered":"http:\/\/www.sorege.fr\/?p=1057"},"modified":"2024-12-02T12:16:10","modified_gmt":"2024-12-02T11:16:10","slug":"les-reflexes-achaiques","status":"publish","type":"post","link":"https:\/\/www.sorege.fr\/?p=1057","title":{"rendered":"Les r\u00e9flexes acha\u00efques"},"content":{"rendered":"\n<h1 class=\"wp-block-heading\"><\/h1>\n\n\n\n<p>Les r\u00e9flexes archa\u00efques ou primitifs, pour la plupart, d\u00e9velopp\u00e9s in ut\u00e9ro et dans les premi\u00e8res semaines de vie, forment la base du d\u00e9veloppement c\u00e9r\u00e9bral, du d\u00e9veloppement postural, des automatismes moteurs de l\u2019oralit\u00e9 (alimentation, communication verbale), de l\u2019\u00e9quilibre cognitif (attention, m\u00e9moire, fonctions ex\u00e9cutives, fonctions visuo spatiales et langage) et de l\u2019\u00e9quilibre \u00e9motionnel.<\/p>\n\n\n\n<p>Vous aurez compris avec cette pr\u00e9sentation, l\u2019acquisition de ces r\u00e9flexes archa\u00efques est plus qu\u2019importante\u2026., essentielle \u00e0 notre \u00e9quilibre global.<\/p>\n\n\n\n<p>Lorsque ces r\u00e9flexes archa\u00efques ne sont pas int\u00e9gr\u00e9s, l\u2019individu, d\u00e8s sa naissance, compense : compensation co\u00fbteuse car elle n\u00e9cessite une correction et une adaptation qui ne permet pas une totale disponibilit\u00e9.<\/p>\n\n\n\n<p>En effet, si nous compensons une prise en main difficile, nous allons tenir de mani\u00e8re crisp\u00e9e et serons plus \u00e0 m\u00eame d\u2019\u00eatre maladroit, ainsi, nouis serons stress\u00e9 d\u2019\u00e9x\u00e9cuter une t\u00e2che\u2026.<\/p>\n\n\n\n<p>Alors,<br>Troubles de l\u2019oralit\u00e9 ?<br>Troubles de la sph\u00e8re cognitive (dys\u2026, TDAH\u2026) ?<br>Troubles de la sph\u00e8re motrice ?<br>Troubles de la sph\u00e8re \u00e9motionnelle ?<\/p>\n\n\n\n<p>Il est bon de tester ces r\u00e9flexes archa\u00efques et de les int\u00e9grer (il n\u2019est jamais trop tard!) avec des exercices simples et adapt\u00e9s : massages, automassages, mouvements sp\u00e9cifiques appelant les sens, la corporalit\u00e9 et, parfois, un accompagnement de lib\u00e9ration \u00e9motionnelle sur certaines r\u00e9sistances ( voir coaching wingwave) install\u00e9es depuis\u2026 toujours.<\/p>\n","protected":false},"excerpt":{"rendered":"<p>Les r\u00e9flexes archa\u00efques ou primitifs, pour la plupart, d\u00e9velopp\u00e9s in ut\u00e9ro et dans les premi\u00e8res semaines de vie, forment la base du d\u00e9veloppement c\u00e9r\u00e9bral, du d\u00e9veloppement postural, des automatismes moteurs de l\u2019oralit\u00e9 (alimentation, communication verbale), de l\u2019\u00e9quilibre cognitif (attention, m\u00e9moire, &hellip; <a href=\"https:\/\/www.sorege.fr\/?p=1057\">Continuer la lecture <span class=\"meta-nav\">&rarr;<\/span><\/a><\/p>\n","protected":false},"author":2,"featured_media":0,"comment_status":"closed","ping_status":"closed","sticky":false,"template":"","format":"standard","meta":{"footnotes":""},"categories":[1],"tags":[],"class_list":["post-1057","post","type-post","status-publish","format-standard","hentry","category-non-classe"],"aioseo_notices":[],"_links":{"self":[{"href":"https:\/\/www.sorege.fr\/index.php?rest_route=\/wp\/v2\/posts\/1057","targetHints":{"allow":["GET"]}}],"collection":[{"href":"https:\/\/www.sorege.fr\/index.php?rest_route=\/wp\/v2\/posts"}],"about":[{"href":"https:\/\/www.sorege.fr\/index.php?rest_route=\/wp\/v2\/types\/post"}],"author":[{"embeddable":true,"href":"https:\/\/www.sorege.fr\/index.php?rest_route=\/wp\/v2\/users\/2"}],"replies":[{"embeddable":true,"href":"https:\/\/www.sorege.fr\/index.php?rest_route=%2Fwp%2Fv2%2Fcomments&post=1057"}],"version-history":[{"count":1,"href":"https:\/\/www.sorege.fr\/index.php?rest_route=\/wp\/v2\/posts\/1057\/revisions"}],"predecessor-version":[{"id":1058,"href":"https:\/\/www.sorege.fr\/index.php?rest_route=\/wp\/v2\/posts\/1057\/revisions\/1058"}],"wp:attachment":[{"href":"https:\/\/www.sorege.fr\/index.php?rest_route=%2Fwp%2Fv2%2Fmedia&parent=1057"}],"wp:term":[{"taxonomy":"category","embeddable":true,"href":"https:\/\/www.sorege.fr\/index.php?rest_route=%2Fwp%2Fv2%2Fcategories&post=1057"},{"taxonomy":"post_tag","embeddable":true,"href":"https:\/\/www.sorege.fr\/index.php?rest_route=%2Fwp%2Fv2%2Ftags&post=1057"}],"curies":[{"name":"wp","href":"https:\/\/api.w.org\/{rel}","templated":true}]}}