{"id":1024,"date":"2024-02-27T08:30:00","date_gmt":"2024-02-27T07:30:00","guid":{"rendered":"https:\/\/www.sorege.fr\/?p=1024"},"modified":"2024-02-28T09:00:09","modified_gmt":"2024-02-28T08:00:09","slug":"lenfant-et-la-prise-de-conscience-emotionnelle","status":"publish","type":"post","link":"https:\/\/www.sorege.fr\/?p=1024","title":{"rendered":"L&rsquo;enfant et la prise de conscience \u00e9motionnelle"},"content":{"rendered":"\n<p>Que faire des \u00e9motions qui se vivent douloureusement ? <\/p>\n\n\n\n<p>\u00a0\u00bb Je n&rsquo;en veux plus. Je voudrais que \u00e7a s&rsquo;arr\u00eate \u00ab\u00a0.<\/p>\n\n\n\n<p>L&rsquo;accompagnement de l&rsquo;enfant est de lui permettre de rencontrer les \u00e9motions, de d\u00e9crypter leurs messages pour apprendre \u00e0 vivre plus sereinement avec.<\/p>\n\n\n\n<p>L&rsquo;\u00e9motion est une amie&#8230;.<\/p>\n\n\n\n<p>Enfants,  adolescents, adultes&#8230; nous sommes tous, toutes concern\u00e9(e)s par ce message&#8230;<\/p>\n\n\n\n<p><em>\u00ab\u00a0Aller Mme Peur, viens dans ma bulle de joie\u00a0\u00bb. Athena\u00efs, bient\u00f4t 6 ans.<\/em><\/p>\n\n\n\n<figure class=\"wp-block-image size-large\"><a href=\"http:\/\/www.sorege.fr\/wp-content\/uploads\/2024\/02\/20240226_120543-scaled.jpg\"><img loading=\"lazy\" decoding=\"async\" width=\"852\" height=\"1024\" src=\"http:\/\/www.sorege.fr\/wp-content\/uploads\/2024\/02\/20240226_120543-852x1024.jpg\" alt=\"\" class=\"wp-image-1025\" srcset=\"https:\/\/www.sorege.fr\/wp-content\/uploads\/2024\/02\/20240226_120543-852x1024.jpg 852w, https:\/\/www.sorege.fr\/wp-content\/uploads\/2024\/02\/20240226_120543-250x300.jpg 250w, https:\/\/www.sorege.fr\/wp-content\/uploads\/2024\/02\/20240226_120543-768x923.jpg 768w, https:\/\/www.sorege.fr\/wp-content\/uploads\/2024\/02\/20240226_120543-1279x1536.jpg 1279w, https:\/\/www.sorege.fr\/wp-content\/uploads\/2024\/02\/20240226_120543-1705x2048.jpg 1705w\" sizes=\"auto, (max-width: 852px) 100vw, 852px\" \/><\/a><\/figure>\n\n\n\n<figure class=\"wp-block-gallery columns-0 is-cropped wp-block-gallery-1 is-layout-flex wp-block-gallery-is-layout-flex\"><ul class=\"blocks-gallery-grid\"><\/ul><\/figure>\n","protected":false},"excerpt":{"rendered":"<p>Que faire des \u00e9motions qui se vivent douloureusement ? \u00a0\u00bb Je n&rsquo;en veux plus. Je voudrais que \u00e7a s&rsquo;arr\u00eate \u00ab\u00a0. L&rsquo;accompagnement de l&rsquo;enfant est de lui permettre de rencontrer les \u00e9motions, de d\u00e9crypter leurs messages pour apprendre \u00e0 vivre plus &hellip; <a href=\"https:\/\/www.sorege.fr\/?p=1024\">Continuer la lecture <span class=\"meta-nav\">&rarr;<\/span><\/a><\/p>\n","protected":false},"author":2,"featured_media":1025,"comment_status":"closed","ping_status":"closed","sticky":false,"template":"","format":"standard","meta":{"footnotes":""},"categories":[1],"tags":[],"class_list":["post-1024","post","type-post","status-publish","format-standard","has-post-thumbnail","hentry","category-non-classe"],"aioseo_notices":[],"_links":{"self":[{"href":"https:\/\/www.sorege.fr\/index.php?rest_route=\/wp\/v2\/posts\/1024","targetHints":{"allow":["GET"]}}],"collection":[{"href":"https:\/\/www.sorege.fr\/index.php?rest_route=\/wp\/v2\/posts"}],"about":[{"href":"https:\/\/www.sorege.fr\/index.php?rest_route=\/wp\/v2\/types\/post"}],"author":[{"embeddable":true,"href":"https:\/\/www.sorege.fr\/index.php?rest_route=\/wp\/v2\/users\/2"}],"replies":[{"embeddable":true,"href":"https:\/\/www.sorege.fr\/index.php?rest_route=%2Fwp%2Fv2%2Fcomments&post=1024"}],"version-history":[{"count":4,"href":"https:\/\/www.sorege.fr\/index.php?rest_route=\/wp\/v2\/posts\/1024\/revisions"}],"predecessor-version":[{"id":1031,"href":"https:\/\/www.sorege.fr\/index.php?rest_route=\/wp\/v2\/posts\/1024\/revisions\/1031"}],"wp:featuredmedia":[{"embeddable":true,"href":"https:\/\/www.sorege.fr\/index.php?rest_route=\/wp\/v2\/media\/1025"}],"wp:attachment":[{"href":"https:\/\/www.sorege.fr\/index.php?rest_route=%2Fwp%2Fv2%2Fmedia&parent=1024"}],"wp:term":[{"taxonomy":"category","embeddable":true,"href":"https:\/\/www.sorege.fr\/index.php?rest_route=%2Fwp%2Fv2%2Fcategories&post=1024"},{"taxonomy":"post_tag","embeddable":true,"href":"https:\/\/www.sorege.fr\/index.php?rest_route=%2Fwp%2Fv2%2Ftags&post=1024"}],"curies":[{"name":"wp","href":"https:\/\/api.w.org\/{rel}","templated":true}]}}