{"id":1005,"date":"2023-07-24T14:25:57","date_gmt":"2023-07-24T13:25:57","guid":{"rendered":"http:\/\/www.sorege.fr\/?p=1005"},"modified":"2023-07-24T14:26:36","modified_gmt":"2023-07-24T13:26:36","slug":"atelier-mon-projet-de-rentree","status":"publish","type":"post","link":"https:\/\/www.sorege.fr\/?p=1005","title":{"rendered":"Atelier \u00ab\u00a0Mon projet de rentr\u00e9e\u00a0\u00bb"},"content":{"rendered":"\n<p class=\"has-text-align-left\" style=\"font-size:17px\">Ah ces fameuses promesses que l&rsquo;on ne tient pas : <br>\u00ab\u00a0Pour cette  reprise d&rsquo;\u00e9cole, je m&rsquo;occupe de moi\u00a0\u00bb, \u00ab\u00a0les vacances m&rsquo;ont fait du bien, alors, je d\u00e9cide de continuer \u00e0 prendre soin de moi\u00a0\u00bb, \u00ab\u00a0j&rsquo;en ai marre de m&rsquo;oublier, je d\u00e9cide de m&rsquo;occuper de moi\u00a0\u00bb&#8230;<br>Comment se fait-il que nous partions avec de bonnes intentions et que deux ou trois emeaines apr\u00e8s, tout s&rsquo;effrite&#8230;. et que le quotidien \u00ab\u00a0M\u00e9tro, boulot, dodo\u00a0\u00bb revient ?<br>Et si l&rsquo;on d\u00e9cidait d&rsquo;un autre adage : <br>Septembre ? Soin \u00e0 moi, d\u00e9tente, pr\u00e9sence&#8230; tout en assumant mes t\u00e2ches quotidiennes&#8230;. <br>Un pas vers le possible&#8230;<\/p>\n\n\n\n<p class=\"has-text-align-center has-vivid-cyan-blue-color has-text-color\"><strong>ATELIER \u00ab\u00a0Mon projet de rentr\u00e9e\u00a0\u00bb<br>jeudi 24 Ao\u00fbt 2023 de 9h30 \u00e0 12h30<br>Nombre de personnes limit\u00e9 : 5<br>Tarif : 60\u20ac\/personne<br>Lieu : communiqu\u00e9 lors de l&rsquo;inscription &#8211; Beauvais<\/strong><\/p>\n\n\n\n<p class=\"has-text-align-left\">A bient\u00f4t,<br>Nathalie Devey<\/p>\n\n\n\n<figure class=\"wp-block-image size-large\"><a href=\"http:\/\/www.sorege.fr\/wp-content\/uploads\/2023\/07\/AAA-MON-PROJET-RENTREE-SEPTEMBRE-23-1.pdf\"><img loading=\"lazy\" decoding=\"async\" width=\"724\" height=\"1024\" src=\"http:\/\/www.sorege.fr\/wp-content\/uploads\/2023\/07\/AAA-MON-PROJET-RENTREE-SEPTEMBRE-23-1-pdf-724x1024.jpg\" alt=\"\" class=\"wp-image-1007\"\/><\/a><\/figure>\n","protected":false},"excerpt":{"rendered":"<p>Ah ces fameuses promesses que l&rsquo;on ne tient pas : \u00ab\u00a0Pour cette reprise d&rsquo;\u00e9cole, je m&rsquo;occupe de moi\u00a0\u00bb, \u00ab\u00a0les vacances m&rsquo;ont fait du bien, alors, je d\u00e9cide de continuer \u00e0 prendre soin de moi\u00a0\u00bb, \u00ab\u00a0j&rsquo;en ai marre de m&rsquo;oublier, je &hellip; <a href=\"https:\/\/www.sorege.fr\/?p=1005\">Continuer la lecture <span class=\"meta-nav\">&rarr;<\/span><\/a><\/p>\n","protected":false},"author":2,"featured_media":0,"comment_status":"closed","ping_status":"closed","sticky":false,"template":"","format":"standard","meta":{"footnotes":""},"categories":[1],"tags":[],"class_list":["post-1005","post","type-post","status-publish","format-standard","hentry","category-non-classe"],"aioseo_notices":[],"_links":{"self":[{"href":"https:\/\/www.sorege.fr\/index.php?rest_route=\/wp\/v2\/posts\/1005","targetHints":{"allow":["GET"]}}],"collection":[{"href":"https:\/\/www.sorege.fr\/index.php?rest_route=\/wp\/v2\/posts"}],"about":[{"href":"https:\/\/www.sorege.fr\/index.php?rest_route=\/wp\/v2\/types\/post"}],"author":[{"embeddable":true,"href":"https:\/\/www.sorege.fr\/index.php?rest_route=\/wp\/v2\/users\/2"}],"replies":[{"embeddable":true,"href":"https:\/\/www.sorege.fr\/index.php?rest_route=%2Fwp%2Fv2%2Fcomments&post=1005"}],"version-history":[{"count":2,"href":"https:\/\/www.sorege.fr\/index.php?rest_route=\/wp\/v2\/posts\/1005\/revisions"}],"predecessor-version":[{"id":1009,"href":"https:\/\/www.sorege.fr\/index.php?rest_route=\/wp\/v2\/posts\/1005\/revisions\/1009"}],"wp:attachment":[{"href":"https:\/\/www.sorege.fr\/index.php?rest_route=%2Fwp%2Fv2%2Fmedia&parent=1005"}],"wp:term":[{"taxonomy":"category","embeddable":true,"href":"https:\/\/www.sorege.fr\/index.php?rest_route=%2Fwp%2Fv2%2Fcategories&post=1005"},{"taxonomy":"post_tag","embeddable":true,"href":"https:\/\/www.sorege.fr\/index.php?rest_route=%2Fwp%2Fv2%2Ftags&post=1005"}],"curies":[{"name":"wp","href":"https:\/\/api.w.org\/{rel}","templated":true}]}}